[{"@context":"https:\/\/schema.org\/","@type":"Article","@id":"https:\/\/www.papajam.sk\/hladate-prave-tie-kusky-oblecenia-ktore-vam-chybaju-uz-dlho\/#Article","mainEntityOfPage":"https:\/\/www.papajam.sk\/hladate-prave-tie-kusky-oblecenia-ktore-vam-chybaju-uz-dlho\/","headline":"H\u013ead\u00e1te pr\u00e1ve tie k\u00fasky oble\u010denia, ktor\u00e9 V\u00e1m ch\u00fdbaj\u00fa u\u017e dlho?","name":"H\u013ead\u00e1te pr\u00e1ve tie k\u00fasky oble\u010denia, ktor\u00e9 V\u00e1m ch\u00fdbaj\u00fa u\u017e dlho?","description":"Je to u\u017e ve\u013emi dlho, \u010do ste si naposledy k\u00fapili kr\u00e1sny nov\u00fd k\u00fasok do v\u00e1\u0161ho \u0161atn\u00edka, na ktor\u00fd by ste boli skuto\u010dne py\u0161n\u00e1 a v\u010faka ktor\u00e9mu sa a radovali ka\u017ed\u00fd jedenkr\u00e1t, ke\u010f sa rozhodnete vyda\u0165 sa do ul\u00edc a obliec\u0165 sa do kr\u00e1snych outfitov, ktor\u00e9 nadov\u0161etko milujete? T\u00fa\u017eite aj vy po kr\u00e1snych, nov\u00fdch k\u00faskoch oble\u010denia,...","datePublished":"2021-08-30","dateModified":"2023-10-29","author":{"@type":"Person","@id":"https:\/\/www.papajam.sk\/author\/devene\/#Person","name":"devene","url":"https:\/\/www.papajam.sk\/author\/devene\/","identifier":1,"image":{"@type":"ImageObject","@id":"https:\/\/secure.gravatar.com\/avatar\/e4532b7f65738965bbad8697e5bd54c0628af7bffe8d3c856885c44d86978cee?s=96&d=mm&r=g","url":"https:\/\/secure.gravatar.com\/avatar\/e4532b7f65738965bbad8697e5bd54c0628af7bffe8d3c856885c44d86978cee?s=96&d=mm&r=g","height":96,"width":96}},"publisher":{"@type":"Organization","name":"papajam.sk","logo":{"@type":"ImageObject","@id":"\/logo.png","url":"\/logo.png","width":600,"height":60}},"image":{"@type":"ImageObject","@id":"https:\/\/www.papajam.sk\/wp-content\/uploads\/winer-fashion-look-stylish-brunette-model-brown-coat-ankle-boot-black-leather-posing_273443-3767_1.jpg","url":"https:\/\/www.papajam.sk\/wp-content\/uploads\/winer-fashion-look-stylish-brunette-model-brown-coat-ankle-boot-black-leather-posing_273443-3767_1.jpg","height":0,"width":0},"url":"https:\/\/www.papajam.sk\/hladate-prave-tie-kusky-oblecenia-ktore-vam-chybaju-uz-dlho\/","wordCount":463,"articleBody":"   Je to u\u017e ve\u013emi dlho, \u010do ste si naposledy k\u00fapili kr\u00e1sny nov\u00fd k\u00fasok do v\u00e1\u0161ho \u0161atn\u00edka, na ktor\u00fd by ste boli skuto\u010dne py\u0161n\u00e1 a v\u010faka ktor\u00e9mu sa a radovali ka\u017ed\u00fd jedenkr\u00e1t, ke\u010f sa rozhodnete vyda\u0165 sa do ul\u00edc a obliec\u0165 sa do kr\u00e1snych outfitov, ktor\u00e9 nadov\u0161etko milujete? T\u00fa\u017eite aj vy po kr\u00e1snych, nov\u00fdch k\u00faskoch oble\u010denia, v\u010faka ktor\u00fdm si budete m\u00f4c\u0165 by\u0165 ist\u00e1 t\u00fdm, \u017ee va\u0161e oble\u010denie je pr\u00e1ve tak\u00e9 kvalitn\u00e9 a spo\u013eahliv\u00e9, po ak\u00fdch ste v\u017edy t\u00fa\u017eili a v\u010faka ktor\u00e9mu budete m\u00f4c\u0165 ma\u0165 istotu, \u017ee a nebudete musie\u0165 presta\u0165 nosi\u0165 po ve\u013emi kr\u00e1tkej dobe, nako\u013eko vydr\u017eia kv\u00f4li vysokej kvalite, ale aj z h\u013eadiska \u0161t\u00fdlovosti a typu, preto\u017ee sa ho bude chodi\u0165 k r\u00f4znym aktivit\u00e1m, ktor\u00e9 budete m\u00f4c\u0165 r\u00f4znymi n\u00e1padmi a zauj\u00edmav\u00fdmi sp\u00f4sobmi kombinova\u0165 medzi sebou a doda\u0165 v\u00e1\u0161mu \u0161t\u00fdlu nov\u00fa iskru? D\u00e1mska m\u00f3da https:\/\/www.mladamoda.sk\/damska-moda, ktor\u00fa n\u00e1jdete na na\u0161om webe je pr\u00e1ve ten typ, ktor\u00fd h\u013ead\u00e1te iba ktor\u00fd je v\u00e1\u0161mu srdcu najbli\u017e\u0161\u00ed a rados\u0165 nev\u00e1hajte a nevybra\u0165 tie najkraj\u0161ie a naj\u0161t\u00fdlovej\u0161ie k\u00fasky za ve\u013emi v\u00fdhodn\u00e9 ceny, ktor\u00e9 v\u00e1m pon\u00fakame na na\u0161ej internetovej str\u00e1nke aby ste sa mohli aj vy obzrie\u0165 v zrkadle a pomyslie\u0165 si ako ve\u013emi vhodne ste si vybrali, preto\u017ee v k\u00fasku, ktor\u00fd m\u00e1te vo va\u0161om \u0161atn\u00edku nov\u00fd vyzer\u00e1te naozaj \u00fa\u017easne a dok\u00e1\u017eete ho kombinova\u0165 r\u00f4znymi nov\u00fdmi sp\u00f4sobmi!Niekedy aj napriek tomu, \u017ee m\u00e1me dostatok oble\u010denia, m\u00e1me pocit, \u017ee si nem\u00e1me na seba \u010do obliec\u0165 a to je najm\u00e4 kv\u00f4li tomu, \u017ee obdobia sa r\u00fdchlo menia, star\u00e9 \u0161aty s\u00fa n\u00e1m mal\u00e9 a preto ich vyhadzujeme a nov\u00e9 \u0161aty odklad\u00e1me, preto\u017ee u\u017e nie je vhodn\u00e9 obdobie \u010do m\u00e1 za d\u00f4sledok aj to, \u017ee nov\u00e9 k\u00fasky sa n\u00e1m spolu nemusia chodi\u0165 a preto je niekedy potrebn\u00e9 dopria\u0165 si nov\u00e9, ktor\u00e9 bud\u00fa dokonale ladi\u0165 s k\u00faskami, ktor\u00e9 pr\u00e1ve teraz vlastn\u00edme! Ak ani vy neviete, \u010do je vhodn\u00e9, pr\u00e1ve teraz si vybra\u0165 a ak\u00e9 oble\u010denie by sa v\u00e1m hodilo na nasleduj\u00face zimn\u00e9 a chladn\u00e9 dni a dlh\u00e9 mesiace na na\u0161ej internetovej str\u00e1nke v\u00e1m pon\u00fakame tie najr\u00f4znej\u0161ie typy svetrov a tepl\u00e9ho oble\u010denia, do ktor\u00e9ho sa budete m\u00f4c\u0165 zahali\u0165 a u\u017e\u00edva\u0165 si v \u0148om chladn\u00e9 dni pr\u00edjemnej\u0161ie!                                                                                                                                                                                                                                                                                                                                                                                          3.7\/5 - (7 votes)        "},{"@context":"https:\/\/schema.org\/","@type":"BreadcrumbList","itemListElement":[{"@type":"ListItem","position":1,"name":"H\u013ead\u00e1te pr\u00e1ve tie k\u00fasky oble\u010denia, ktor\u00e9 V\u00e1m ch\u00fdbaj\u00fa u\u017e dlho?","item":"https:\/\/www.papajam.sk\/hladate-prave-tie-kusky-oblecenia-ktore-vam-chybaju-uz-dlho\/#breadcrumbitem"}]}]